{"id":505,"date":"2015-06-21T20:09:12","date_gmt":"2015-06-21T20:09:12","guid":{"rendered":"http:\/\/www.blau-weiss-meer.de\/wordpress\/?p=505"},"modified":"2015-06-22T17:08:40","modified_gmt":"2015-06-22T17:08:40","slug":"pausenliga","status":"publish","type":"post","link":"https:\/\/www.blau-weiss-meer.de\/wordpress\/pausenliga\/","title":{"rendered":"Pausenliga"},"content":{"rendered":"<p>Mit knapp 20 Kindern und vielen Begleitern fand heute die Abschlussveranstaltung der Pausenliga auf unserer Anlage statt. Viel Einsatz der Kinder und teilweise tolles Tennis war zu beobachten und bildeten den Rahmen f\u00fcr eine gelungene Veranstaltung. Leider machte heftiger Regen kurz vor dem geplanten Ende die Austragung der Endspiele unm\u00f6glich. Das soll nun in der Woche auf dem Pausenhof nachgeholt werden.<\/p>\n<p>Besonderer Dank gilt Noah und Simon, die als Z\u00e4hl-Helfer auf den Pl\u00e4tzen aktiv waren.<\/p>\n<p>Und nat\u00fcrlich Katrin Hardt, die die Durchf\u00fchrung an Ihrer Schule erst m\u00f6glich macht.<\/p>\n<p><a href=\"https:\/\/www.blau-weiss-meer.de\/wordpress\/wp-content\/uploads\/2015\/06\/IMG_1553.jpg\"><img loading=\"lazy\" decoding=\"async\" class=\"alignnone size-medium wp-image-508\" src=\"https:\/\/www.blau-weiss-meer.de\/wordpress\/wp-content\/uploads\/2015\/06\/IMG_1553-300x200.jpg\" alt=\"IMG_1553\" width=\"300\" height=\"200\" srcset=\"https:\/\/www.blau-weiss-meer.de\/wordpress\/wp-content\/uploads\/2015\/06\/IMG_1553-300x200.jpg 300w, https:\/\/www.blau-weiss-meer.de\/wordpress\/wp-content\/uploads\/2015\/06\/IMG_1553-1024x682.jpg 1024w\" sizes=\"auto, (max-width: 300px) 100vw, 300px\" \/><\/a><\/p>\n","protected":false},"excerpt":{"rendered":"<p>Mit knapp 20 Kindern und vielen Begleitern fand heute die Abschlussveranstaltung der Pausenliga auf unserer Anlage statt. Viel Einsatz der&hellip;<\/p>\n","protected":false},"author":4,"featured_media":506,"comment_status":"open","ping_status":"open","sticky":false,"template":"","format":"standard","meta":{"_jetpack_memberships_contains_paid_content":false,"footnotes":"","jetpack_publicize_message":"","jetpack_publicize_feature_enabled":true,"jetpack_social_post_already_shared":false,"jetpack_social_options":{"image_generator_settings":{"template":"highway","default_image_id":0,"enabled":false},"version":2}},"categories":[1,11,5],"tags":[],"class_list":["post-505","post","type-post","status-publish","format-standard","has-post-thumbnail","hentry","category-allgemein","category-jugend","category-veranstaltungen"],"jetpack_publicize_connections":[],"jetpack_featured_media_url":"https:\/\/www.blau-weiss-meer.de\/wordpress\/wp-content\/uploads\/2015\/06\/IMG_1539.jpg","jetpack-related-posts":[{"id":551,"url":"https:\/\/www.blau-weiss-meer.de\/wordpress\/toller-abschluss-der-pausenliga\/","url_meta":{"origin":505,"position":0},"title":"Toller Abschluss der Pausenliga","author":"Klaus Hardt","date":"29. Juni 2015","format":false,"excerpt":"Da, wie berichtet, wegen Regens die Endspiele in der Pausenliga am 21.6. nicht stattfinden konnten wurden diese am Freitag, 26.6. auf dem Schulhof der Montessorie-Grundschule ausgespielt. Die Veranstaltung war ein voller Erfolg. Nicht nur die Spiele hatten ein erstaunliches Niveau, es herrschte auch fast eine Stimmung wie im Fu\u00dfball-Stadion. Alle\u2026","rel":"","context":"In &quot;Allgemein&quot;","block_context":{"text":"Allgemein","link":"https:\/\/www.blau-weiss-meer.de\/wordpress\/category\/allgemein\/"},"img":{"alt_text":"","src":"https:\/\/i0.wp.com\/www.blau-weiss-meer.de\/wordpress\/wp-content\/uploads\/2015\/06\/2015-pausenliga-061.jpg?resize=350%2C200&ssl=1","width":350,"height":200,"srcset":"https:\/\/i0.wp.com\/www.blau-weiss-meer.de\/wordpress\/wp-content\/uploads\/2015\/06\/2015-pausenliga-061.jpg?resize=350%2C200&ssl=1 1x, https:\/\/i0.wp.com\/www.blau-weiss-meer.de\/wordpress\/wp-content\/uploads\/2015\/06\/2015-pausenliga-061.jpg?resize=525%2C300&ssl=1 1.5x, https:\/\/i0.wp.com\/www.blau-weiss-meer.de\/wordpress\/wp-content\/uploads\/2015\/06\/2015-pausenliga-061.jpg?resize=700%2C400&ssl=1 2x, https:\/\/i0.wp.com\/www.blau-weiss-meer.de\/wordpress\/wp-content\/uploads\/2015\/06\/2015-pausenliga-061.jpg?resize=1050%2C600&ssl=1 3x, https:\/\/i0.wp.com\/www.blau-weiss-meer.de\/wordpress\/wp-content\/uploads\/2015\/06\/2015-pausenliga-061.jpg?resize=1400%2C800&ssl=1 4x"},"classes":[]},{"id":389,"url":"https:\/\/www.blau-weiss-meer.de\/wordpress\/tennis-pausenliga-hat-wieder-begonnen\/","url_meta":{"origin":505,"position":1},"title":"Tennis-Pausenliga hat wieder begonnen\u2026","author":"Klaus Hardt","date":"21. Mai 2015","format":false,"excerpt":"Am Mittwoch, 29. Mai startete wieder die Pausenliga! Diesmal haben sich 42 Kinder angemeldet, die regelm\u00e4\u00dfig in den Pausen auf den Schulh\u00f6fen in neun jahrgangsbezogenen Gruppen gegeneinander spielen. Die Kinder der 1. und 2. Jahrg\u00e4nge werden in einer Pause spielerische Aufgaben l\u00f6sen. Im 3. und 4. Jahrgang spielt innerhalb der\u2026","rel":"","context":"In &quot;Jugend&quot;","block_context":{"text":"Jugend","link":"https:\/\/www.blau-weiss-meer.de\/wordpress\/category\/jugend\/"},"img":{"alt_text":"","src":"","width":0,"height":0},"classes":[]},{"id":2431,"url":"https:\/\/www.blau-weiss-meer.de\/wordpress\/termine-sommer-medenspiele\/","url_meta":{"origin":505,"position":2},"title":"Termine Sommer-Medenspiele","author":"Klaus Hardt","date":"21. M\u00e4rz 2019","format":false,"excerpt":"Die Termine der Sommer-Medenspiele sind auf nuLiga ver\u00f6ffentlicht. Wir werden eine Vielzahl an Begegnungen auf unserer Anlage haben und freuen uns auf viele Zuschauer ... 2019-Medenspiele und Veranstaltungen","rel":"","context":"In &quot;Allgemein&quot;","block_context":{"text":"Allgemein","link":"https:\/\/www.blau-weiss-meer.de\/wordpress\/category\/allgemein\/"},"img":{"alt_text":"","src":"","width":0,"height":0},"classes":[]},{"id":4546,"url":"https:\/\/www.blau-weiss-meer.de\/wordpress\/foerderung-der-digitalen-transformation-durch-die-europaeische-union\/","url_meta":{"origin":505,"position":3},"title":"F\u00f6rderung der Digitalen Transformation durch die Europ\u00e4ische Union","author":"Klaus Hardt","date":"23. Dezember 2023","format":false,"excerpt":"Im Rahmen der EU-F\u00f6rderung der Digitalen Transformation haben wir als TG Blau-Weiss Meer e. V. F\u00f6rdergelder in H\u00f6he von 7.900 Euro erhalten. Damit waren wir in der Lage, das neue Tennisheim mit einem schnellen WLAN-Netz auszustatten, das 2 Jahre aus dem EU-Fond finanziert wird. F\u00fcr Veranstaltungen steht uns nun ein\u2026","rel":"","context":"In &quot;Allgemein&quot;","block_context":{"text":"Allgemein","link":"https:\/\/www.blau-weiss-meer.de\/wordpress\/category\/allgemein\/"},"img":{"alt_text":"","src":"","width":0,"height":0},"classes":[]},{"id":439,"url":"https:\/\/www.blau-weiss-meer.de\/wordpress\/herren-40-doppelturnier-im-august\/","url_meta":{"origin":505,"position":4},"title":"Herren 40 Doppelturnier im August","author":"Klaus Hardt","date":"8. Juni 2015","format":false,"excerpt":"Die Herren 40 haben sich in den absolvierten Medenspielen so gut mit den anderen Teams verstanden, dass es nun am 29. August zu einem Turnier kommt, an denen mehrere der Teams zu einem Doppelturnier antreten werden.","rel":"","context":"In &quot;Herren 40&quot;","block_context":{"text":"Herren 40","link":"https:\/\/www.blau-weiss-meer.de\/wordpress\/category\/herren40\/"},"img":{"alt_text":"","src":"","width":0,"height":0},"classes":[]},{"id":4053,"url":"https:\/\/www.blau-weiss-meer.de\/wordpress\/clubmeisterschaft-2022-im-damen-und-herren-doppel-stehen-fest\/","url_meta":{"origin":505,"position":5},"title":"Clubmeisterschaft 2022 im Damen- und Herren-Doppel stehen fest","author":"Claudia Takacs","date":"8. September 2022","format":false,"excerpt":"Am 04. September ab 10.00 Uhr wurden die Clubmeisterschaften im Damen- und im Herren-Doppel ausgespielt. Bei tollem Sonnenschein haben wir spannende Doppelpaarungen gesehen. Wir gratulieren den Siegern!!!!! Clubmeister 2022 Damen-Doppel Clubmeister 2022 Herren-Doppel Impressionen vom CM Doppelturnier","rel":"","context":"In &quot;Allgemein&quot;","block_context":{"text":"Allgemein","link":"https:\/\/www.blau-weiss-meer.de\/wordpress\/category\/allgemein\/"},"img":{"alt_text":"","src":"https:\/\/i0.wp.com\/www.blau-weiss-meer.de\/wordpress\/wp-content\/uploads\/2022\/09\/DSC_0220-scaled.jpg?resize=350%2C200&ssl=1","width":350,"height":200,"srcset":"https:\/\/i0.wp.com\/www.blau-weiss-meer.de\/wordpress\/wp-content\/uploads\/2022\/09\/DSC_0220-scaled.jpg?resize=350%2C200&ssl=1 1x, https:\/\/i0.wp.com\/www.blau-weiss-meer.de\/wordpress\/wp-content\/uploads\/2022\/09\/DSC_0220-scaled.jpg?resize=525%2C300&ssl=1 1.5x, https:\/\/i0.wp.com\/www.blau-weiss-meer.de\/wordpress\/wp-content\/uploads\/2022\/09\/DSC_0220-scaled.jpg?resize=700%2C400&ssl=1 2x, https:\/\/i0.wp.com\/www.blau-weiss-meer.de\/wordpress\/wp-content\/uploads\/2022\/09\/DSC_0220-scaled.jpg?resize=1050%2C600&ssl=1 3x, https:\/\/i0.wp.com\/www.blau-weiss-meer.de\/wordpress\/wp-content\/uploads\/2022\/09\/DSC_0220-scaled.jpg?resize=1400%2C800&ssl=1 4x"},"classes":[]}],"jetpack_sharing_enabled":true,"jetpack_likes_enabled":true,"_links":{"self":[{"href":"https:\/\/www.blau-weiss-meer.de\/wordpress\/wp-json\/wp\/v2\/posts\/505","targetHints":{"allow":["GET"]}}],"collection":[{"href":"https:\/\/www.blau-weiss-meer.de\/wordpress\/wp-json\/wp\/v2\/posts"}],"about":[{"href":"https:\/\/www.blau-weiss-meer.de\/wordpress\/wp-json\/wp\/v2\/types\/post"}],"author":[{"embeddable":true,"href":"https:\/\/www.blau-weiss-meer.de\/wordpress\/wp-json\/wp\/v2\/users\/4"}],"replies":[{"embeddable":true,"href":"https:\/\/www.blau-weiss-meer.de\/wordpress\/wp-json\/wp\/v2\/comments?post=505"}],"version-history":[{"count":3,"href":"https:\/\/www.blau-weiss-meer.de\/wordpress\/wp-json\/wp\/v2\/posts\/505\/revisions"}],"predecessor-version":[{"id":510,"href":"https:\/\/www.blau-weiss-meer.de\/wordpress\/wp-json\/wp\/v2\/posts\/505\/revisions\/510"}],"wp:featuredmedia":[{"embeddable":true,"href":"https:\/\/www.blau-weiss-meer.de\/wordpress\/wp-json\/wp\/v2\/media\/506"}],"wp:attachment":[{"href":"https:\/\/www.blau-weiss-meer.de\/wordpress\/wp-json\/wp\/v2\/media?parent=505"}],"wp:term":[{"taxonomy":"category","embeddable":true,"href":"https:\/\/www.blau-weiss-meer.de\/wordpress\/wp-json\/wp\/v2\/categories?post=505"},{"taxonomy":"post_tag","embeddable":true,"href":"https:\/\/www.blau-weiss-meer.de\/wordpress\/wp-json\/wp\/v2\/tags?post=505"}],"curies":[{"name":"wp","href":"https:\/\/api.w.org\/{rel}","templated":true}]}}