{"id":4567,"date":"2024-02-13T10:26:54","date_gmt":"2024-02-13T10:26:54","guid":{"rendered":"https:\/\/www.blau-weiss-meer.de\/wordpress\/?p=4567"},"modified":"2024-02-13T10:28:05","modified_gmt":"2024-02-13T10:28:05","slug":"anmeldung-zum-sommertraining-2024","status":"publish","type":"post","link":"https:\/\/www.blau-weiss-meer.de\/wordpress\/anmeldung-zum-sommertraining-2024\/","title":{"rendered":"Anmeldung zum Sommertraining 2024"},"content":{"rendered":"\n<p>Die Anmeldung zum Sommertraining 2024 ist ab sofort m\u00f6glich.  <\/p>\n\n\n\n<div data-wp-interactive=\"core\/file\" class=\"wp-block-file\"><object data-wp-bind--hidden=\"!state.hasPdfPreview\" hidden class=\"wp-block-file__embed\" data=\"https:\/\/www.blau-weiss-meer.de\/wordpress\/wp-content\/uploads\/2024\/02\/anmeldungSommer2024.pdf\" type=\"application\/pdf\" style=\"width:100%;height:600px\" aria-label=\"Einbettung von anmeldungSommer2024.\"><\/object><a id=\"wp-block-file--media-4d7d80c0-b532-4c80-91b8-afcf398051e1\" href=\"https:\/\/www.blau-weiss-meer.de\/wordpress\/wp-content\/uploads\/2024\/02\/anmeldungSommer2024.pdf\">anmeldungSommer2024<\/a><a href=\"https:\/\/www.blau-weiss-meer.de\/wordpress\/wp-content\/uploads\/2024\/02\/anmeldungSommer2024.pdf\" class=\"wp-block-file__button wp-element-button\" download aria-describedby=\"wp-block-file--media-4d7d80c0-b532-4c80-91b8-afcf398051e1\">Herunterladen<\/a><\/div>\n","protected":false},"excerpt":{"rendered":"<p>Die Anmeldung zum Sommertraining 2024 ist ab sofort m\u00f6glich.<\/p>\n","protected":false},"author":10,"featured_media":4568,"comment_status":"open","ping_status":"open","sticky":false,"template":"","format":"standard","meta":{"_jetpack_memberships_contains_paid_content":false,"footnotes":"","jetpack_publicize_message":"","jetpack_publicize_feature_enabled":true,"jetpack_social_post_already_shared":true,"jetpack_social_options":{"image_generator_settings":{"template":"highway","default_image_id":0,"enabled":false},"version":2}},"categories":[1],"tags":[],"class_list":["post-4567","post","type-post","status-publish","format-standard","has-post-thumbnail","hentry","category-allgemein"],"jetpack_publicize_connections":[],"jetpack_featured_media_url":"https:\/\/www.blau-weiss-meer.de\/wordpress\/wp-content\/uploads\/2024\/02\/Screenshot_20240213_112145_Drive.jpg","jetpack-related-posts":[{"id":3540,"url":"https:\/\/www.blau-weiss-meer.de\/wordpress\/anmeldung-zum-sommertraining-2022\/","url_meta":{"origin":4567,"position":0},"title":"Anmeldung zum Sommertraining 2022","author":"Migo","date":"3. Februar 2022","format":false,"excerpt":"Liebe Mitglieder, hier findet ihr das Anmeldeformular f\u00fcr die kommende Sommersaison 2022! Anmeldung2022-1Herunterladen Mit sportlichen Gr\u00fc\u00dfen, Migo(staatl. gepr\u00fcfter Tennislehrer, DTB-C Trainer, DTB-B Pr\u00e4ventionscoach)","rel":"","context":"In &quot;Allgemein&quot;","block_context":{"text":"Allgemein","link":"https:\/\/www.blau-weiss-meer.de\/wordpress\/category\/allgemein\/"},"img":{"alt_text":"","src":"https:\/\/i0.wp.com\/www.blau-weiss-meer.de\/wordpress\/wp-content\/uploads\/2022\/02\/anmeldung2022.png?resize=350%2C200&ssl=1","width":350,"height":200,"srcset":"https:\/\/i0.wp.com\/www.blau-weiss-meer.de\/wordpress\/wp-content\/uploads\/2022\/02\/anmeldung2022.png?resize=350%2C200&ssl=1 1x, https:\/\/i0.wp.com\/www.blau-weiss-meer.de\/wordpress\/wp-content\/uploads\/2022\/02\/anmeldung2022.png?resize=525%2C300&ssl=1 1.5x, https:\/\/i0.wp.com\/www.blau-weiss-meer.de\/wordpress\/wp-content\/uploads\/2022\/02\/anmeldung2022.png?resize=700%2C400&ssl=1 2x, https:\/\/i0.wp.com\/www.blau-weiss-meer.de\/wordpress\/wp-content\/uploads\/2022\/02\/anmeldung2022.png?resize=1050%2C600&ssl=1 3x, https:\/\/i0.wp.com\/www.blau-weiss-meer.de\/wordpress\/wp-content\/uploads\/2022\/02\/anmeldung2022.png?resize=1400%2C800&ssl=1 4x"},"classes":[]},{"id":4158,"url":"https:\/\/www.blau-weiss-meer.de\/wordpress\/anmeldung-zum-1-sommercamp\/","url_meta":{"origin":4567,"position":1},"title":"Anmeldung zum 1. Sommercamp","author":"Migo","date":"9. Mai 2023","format":false,"excerpt":"Vom 10.07. bis 14.07.23 findet im Blau-Weiss Meer das erste Sommercamp f\u00fcr Kinder und Erwachsene unseres Vereins statt. Mit dem untenstehenden Formular k\u00f6nnen Sie sich direkt anmelden. anmeldungSommercamp-2023Herunterladen","rel":"","context":"In &quot;Allgemein&quot;","block_context":{"text":"Allgemein","link":"https:\/\/www.blau-weiss-meer.de\/wordpress\/category\/allgemein\/"},"img":{"alt_text":"","src":"https:\/\/i0.wp.com\/www.blau-weiss-meer.de\/wordpress\/wp-content\/uploads\/2023\/05\/tennis-sommercamp.jpg?resize=350%2C200&ssl=1","width":350,"height":200,"srcset":"https:\/\/i0.wp.com\/www.blau-weiss-meer.de\/wordpress\/wp-content\/uploads\/2023\/05\/tennis-sommercamp.jpg?resize=350%2C200&ssl=1 1x, https:\/\/i0.wp.com\/www.blau-weiss-meer.de\/wordpress\/wp-content\/uploads\/2023\/05\/tennis-sommercamp.jpg?resize=525%2C300&ssl=1 1.5x"},"classes":[]},{"id":3354,"url":"https:\/\/www.blau-weiss-meer.de\/wordpress\/anmeldung-wintertraining-21-22\/","url_meta":{"origin":4567,"position":2},"title":"Anmeldung Wintertraining 21\/22","author":"Migo","date":"29. Juli 2021","format":false,"excerpt":"Liebe Mitglieder, hier findet ihr das Anmeldeformular f\u00fcr die kommende Wintersaison 2021\/2021. anmeldung_winter21-22Herunterladen Mit sportlichen Gr\u00fc\u00dfen, Migo(staatl. gepr\u00fcfter Tennislehrer)","rel":"","context":"In &quot;Allgemein&quot;","block_context":{"text":"Allgemein","link":"https:\/\/www.blau-weiss-meer.de\/wordpress\/category\/allgemein\/"},"img":{"alt_text":"","src":"https:\/\/i0.wp.com\/www.blau-weiss-meer.de\/wordpress\/wp-content\/uploads\/2021\/03\/cropped-bwmeer-beitrag-2.jpg?resize=350%2C200&ssl=1","width":350,"height":200},"classes":[]},{"id":4382,"url":"https:\/\/www.blau-weiss-meer.de\/wordpress\/anmeldung-zum-wintertraining-23-24\/","url_meta":{"origin":4567,"position":3},"title":"Anmeldung zum Wintertraining 23\/24","author":"Migo","date":"2. August 2023","format":false,"excerpt":"Liebe Tennisfreunde, im Sommer schon an den Winter denken f\u00e4llt in diesen Tagen leider nicht schwer. Anbei findet ihr das Formular f\u00fcr das Wintertraining. Ich w\u00fcrde mich sehr freuen\u00a0 euch auch im Winter regelm\u00e4\u00dfig sehen zu k\u00f6nnen! anmeldungWinter-23-24Herunterladen Die Wintersaison startet am 16.10.2023 in Rheindahlen und endet am 22.03.24 in\u2026","rel":"","context":"In &quot;Allgemein&quot;","block_context":{"text":"Allgemein","link":"https:\/\/www.blau-weiss-meer.de\/wordpress\/category\/allgemein\/"},"img":{"alt_text":"","src":"https:\/\/i0.wp.com\/www.blau-weiss-meer.de\/wordpress\/wp-content\/uploads\/2023\/08\/winter.jpg?resize=350%2C200&ssl=1","width":350,"height":200,"srcset":"https:\/\/i0.wp.com\/www.blau-weiss-meer.de\/wordpress\/wp-content\/uploads\/2023\/08\/winter.jpg?resize=350%2C200&ssl=1 1x, https:\/\/i0.wp.com\/www.blau-weiss-meer.de\/wordpress\/wp-content\/uploads\/2023\/08\/winter.jpg?resize=525%2C300&ssl=1 1.5x"},"classes":[]},{"id":2936,"url":"https:\/\/www.blau-weiss-meer.de\/wordpress\/neue-tennisschule-im-verein-sommertraining\/","url_meta":{"origin":4567,"position":4},"title":"Neue Tennisschule im Verein &#8211; Sommertraining!","author":"Migo","date":"9. M\u00e4rz 2021","format":false,"excerpt":"Unser Verein hat eine eigene\u00a0 Tennisschule unter der Leitung von Migo Spenst gegr\u00fcndet. Hier finden Sie das Formular mit dem Sie sich f\u00fcr das Sommer-Training ab dem 19.04.2021\u00a0 schriftlich anmelden k\u00f6nnen: Anmeldung-Sommertraining N\u00e4here Informationen zu unserem staatlich gepr\u00fcften Tennislehrer, DTB -B Pr\u00e4ventionscoach und DTB-C Trainer\u00a0 finden Sie unter:\u00a0http:\/\/www.tennis-lehrer.com Migo Spenst\u2026","rel":"","context":"In &quot;Training&quot;","block_context":{"text":"Training","link":"https:\/\/www.blau-weiss-meer.de\/wordpress\/category\/training\/"},"img":{"alt_text":"","src":"https:\/\/i0.wp.com\/www.blau-weiss-meer.de\/wordpress\/wp-content\/uploads\/2021\/03\/MSpenst-283x300.jpg?resize=350%2C200","width":350,"height":200},"classes":[]},{"id":4279,"url":"https:\/\/www.blau-weiss-meer.de\/wordpress\/1-sommer-cup-im-blau-weiss-meer\/","url_meta":{"origin":4567,"position":5},"title":"1. Sommer Cup im Blau-Weiss Meer","author":"Migo","date":"4. Juli 2023","format":false,"excerpt":"1.Blau-Weiss-Meer Sommercup Wir freuen uns auf euch! Veranstaltungort: \u2022 TG Blau-Weiss Meer e.V. \u2022 Ohlerkirchweg 24, \u2022 41069 M\u00f6nchengladbach \u2022 Internet: www.blau-weiss-meer.de Termin: 29-30. Juli 2023 Spielzeiten: Ab 09 Uhr Wettbewerbe:, W30, W40, W50,W60; M30, M40, M50, M60 Nenngeld: 25 Euro plus 5 Euro DTB Geb\u00fchr. Bodenbelag: Sandplatz #LKTurnier#Tennis#Vereinssport#M\u00f6nchengladbach#Rheydt#Niederrhein#Damentennis#Herrentennis#Sommercup QR-Code\u2026","rel":"","context":"In &quot;Allgemein&quot;","block_context":{"text":"Allgemein","link":"https:\/\/www.blau-weiss-meer.de\/wordpress\/category\/allgemein\/"},"img":{"alt_text":"","src":"https:\/\/i0.wp.com\/www.blau-weiss-meer.de\/wordpress\/wp-content\/uploads\/2023\/07\/plakat-blauweissmeer-cup-scaled.jpg?resize=350%2C200&ssl=1","width":350,"height":200,"srcset":"https:\/\/i0.wp.com\/www.blau-weiss-meer.de\/wordpress\/wp-content\/uploads\/2023\/07\/plakat-blauweissmeer-cup-scaled.jpg?resize=350%2C200&ssl=1 1x, https:\/\/i0.wp.com\/www.blau-weiss-meer.de\/wordpress\/wp-content\/uploads\/2023\/07\/plakat-blauweissmeer-cup-scaled.jpg?resize=525%2C300&ssl=1 1.5x, https:\/\/i0.wp.com\/www.blau-weiss-meer.de\/wordpress\/wp-content\/uploads\/2023\/07\/plakat-blauweissmeer-cup-scaled.jpg?resize=700%2C400&ssl=1 2x, https:\/\/i0.wp.com\/www.blau-weiss-meer.de\/wordpress\/wp-content\/uploads\/2023\/07\/plakat-blauweissmeer-cup-scaled.jpg?resize=1050%2C600&ssl=1 3x, https:\/\/i0.wp.com\/www.blau-weiss-meer.de\/wordpress\/wp-content\/uploads\/2023\/07\/plakat-blauweissmeer-cup-scaled.jpg?resize=1400%2C800&ssl=1 4x"},"classes":[]}],"jetpack_sharing_enabled":true,"jetpack_likes_enabled":true,"_links":{"self":[{"href":"https:\/\/www.blau-weiss-meer.de\/wordpress\/wp-json\/wp\/v2\/posts\/4567","targetHints":{"allow":["GET"]}}],"collection":[{"href":"https:\/\/www.blau-weiss-meer.de\/wordpress\/wp-json\/wp\/v2\/posts"}],"about":[{"href":"https:\/\/www.blau-weiss-meer.de\/wordpress\/wp-json\/wp\/v2\/types\/post"}],"author":[{"embeddable":true,"href":"https:\/\/www.blau-weiss-meer.de\/wordpress\/wp-json\/wp\/v2\/users\/10"}],"replies":[{"embeddable":true,"href":"https:\/\/www.blau-weiss-meer.de\/wordpress\/wp-json\/wp\/v2\/comments?post=4567"}],"version-history":[{"count":1,"href":"https:\/\/www.blau-weiss-meer.de\/wordpress\/wp-json\/wp\/v2\/posts\/4567\/revisions"}],"predecessor-version":[{"id":4569,"href":"https:\/\/www.blau-weiss-meer.de\/wordpress\/wp-json\/wp\/v2\/posts\/4567\/revisions\/4569"}],"wp:featuredmedia":[{"embeddable":true,"href":"https:\/\/www.blau-weiss-meer.de\/wordpress\/wp-json\/wp\/v2\/media\/4568"}],"wp:attachment":[{"href":"https:\/\/www.blau-weiss-meer.de\/wordpress\/wp-json\/wp\/v2\/media?parent=4567"}],"wp:term":[{"taxonomy":"category","embeddable":true,"href":"https:\/\/www.blau-weiss-meer.de\/wordpress\/wp-json\/wp\/v2\/categories?post=4567"},{"taxonomy":"post_tag","embeddable":true,"href":"https:\/\/www.blau-weiss-meer.de\/wordpress\/wp-json\/wp\/v2\/tags?post=4567"}],"curies":[{"name":"wp","href":"https:\/\/api.w.org\/{rel}","templated":true}]}}