{"id":4546,"date":"2023-12-23T10:29:57","date_gmt":"2023-12-23T10:29:57","guid":{"rendered":"https:\/\/www.blau-weiss-meer.de\/wordpress\/?p=4546"},"modified":"2024-01-09T15:39:06","modified_gmt":"2024-01-09T15:39:06","slug":"foerderung-der-digitalen-transformation-durch-die-europaeische-union","status":"publish","type":"post","link":"https:\/\/www.blau-weiss-meer.de\/wordpress\/foerderung-der-digitalen-transformation-durch-die-europaeische-union\/","title":{"rendered":"F\u00f6rderung der Digitalen Transformation durch die Europ\u00e4ische Union"},"content":{"rendered":"\n<p>Im Rahmen der EU-F\u00f6rderung der Digitalen Transformation haben wir als TG Blau-Weiss Meer e. V. F\u00f6rdergelder in H\u00f6he von 7.900 Euro erhalten.<\/p>\n\n\n\n<p>Damit waren wir in der Lage, das neue Tennisheim mit einem schnellen WLAN-Netz auszustatten, das 2 Jahre aus dem EU-Fond finanziert wird.<\/p>\n\n\n\n<p>F\u00fcr Veranstaltungen steht uns nun ein moderner Beamer nebst Soundsystem zur Verf\u00fcgung.<\/p>\n\n\n\n<p>Die Arbeit des Vorstandes wird zuk\u00fcnftig durch zwei dringend ben\u00f6tigte Notebooks, einen Scanner sowie zugeh\u00f6rige Software erleichtert. Au\u00dferdem kann nun im Fall eines Vorstandswechsels, die komplette Hardware weitergegeben werden. Das umst\u00e4ndliche und unsichere Transferieren von Dateien entf\u00e4llt.<\/p>\n\n\n\n<p>Zwei Au\u00dfenkameras sorgen seit einigen Wochen f\u00fcr mehr Sicherheit und Spiele sowie Veranstaltungen k\u00f6nnen wir demn\u00e4chst auch per Stream \u201enach au\u00dfen\u201c \u00fcbertragen.<\/p>\n\n\n\n<p>Im Gastraum werden wir einen zus\u00e4tzlichen TV-Monitor in Thekenn\u00e4he aufh\u00e4ngen, der auf Aktionen\/Specials der Gastronomie aufmerksam macht und auf dem Fotoserien vergangener Turniere und Festlichkeiten als \u201eDauerschleife\u201c gezeigt werden k\u00f6nnen.<\/p>\n\n\n\n<p>Zu guter Letzt konnten wir durch die F\u00f6rderung endlich ein elektronisches Bezahlsystem anschaffen, so dass wir ab der Saison 2024 bargeldlos abrechnen k\u00f6nnen.<\/p>\n\n\n\n<p>Wir sind dankbar f\u00fcr diese F\u00f6rderung, denn wir sind nun digital im 21. Jahrhundert angekommen und gemeinsam mit dem neuen Clubhaus sicherlich &#8222;fit for the future&#8220;!<\/p>\n","protected":false},"excerpt":{"rendered":"<p>Im Rahmen der EU-F\u00f6rderung der Digitalen Transformation haben wir als TG Blau-Weiss Meer e. V. F\u00f6rdergelder in H\u00f6he von 7.900&hellip;<\/p>\n","protected":false},"author":4,"featured_media":4549,"comment_status":"open","ping_status":"open","sticky":true,"template":"","format":"standard","meta":{"_jetpack_memberships_contains_paid_content":false,"footnotes":"","jetpack_publicize_message":"F\u00f6rderung der Digitalen Transformation durch die Europ\u00e4ische Union #F\u00f6rderung","jetpack_publicize_feature_enabled":false,"jetpack_social_post_already_shared":true,"jetpack_social_options":{"image_generator_settings":{"template":"highway","default_image_id":0,"enabled":false},"version":2}},"categories":[1],"tags":[34],"class_list":["post-4546","post","type-post","status-publish","format-standard","has-post-thumbnail","hentry","category-allgemein","tag-foerderung"],"jetpack_publicize_connections":[],"jetpack_featured_media_url":"https:\/\/www.blau-weiss-meer.de\/wordpress\/wp-content\/uploads\/2023\/12\/REACT-EU_LOGO_JPG_RGB_kl.png","jetpack-related-posts":[{"id":1458,"url":"https:\/\/www.blau-weiss-meer.de\/wordpress\/frohes-neues-jahr-2017\/","url_meta":{"origin":4546,"position":0},"title":"Frohes neues Jahr 2017!","author":"Claudia Takacs","date":"6. Januar 2017","format":false,"excerpt":"Hallo liebe Mitglieder, der gesamte Vorstand w\u00fcnscht Euch f\u00fcr das Jahr 2017 alles Gute. Wir freuen uns auf eine tolle Saison 2017. \u00a0 Euer Vorstand","rel":"","context":"In &quot;Allgemein&quot;","block_context":{"text":"Allgemein","link":"https:\/\/www.blau-weiss-meer.de\/wordpress\/category\/allgemein\/"},"img":{"alt_text":"","src":"","width":0,"height":0},"classes":[]},{"id":505,"url":"https:\/\/www.blau-weiss-meer.de\/wordpress\/pausenliga\/","url_meta":{"origin":4546,"position":1},"title":"Pausenliga","author":"Klaus Hardt","date":"21. Juni 2015","format":false,"excerpt":"Mit knapp 20 Kindern und vielen Begleitern fand heute die Abschlussveranstaltung der Pausenliga auf unserer Anlage statt. Viel Einsatz der Kinder und teilweise tolles Tennis war zu beobachten und bildeten den Rahmen f\u00fcr eine gelungene Veranstaltung. Leider machte heftiger Regen kurz vor dem geplanten Ende die Austragung der Endspiele unm\u00f6glich.\u2026","rel":"","context":"In &quot;Allgemein&quot;","block_context":{"text":"Allgemein","link":"https:\/\/www.blau-weiss-meer.de\/wordpress\/category\/allgemein\/"},"img":{"alt_text":"","src":"https:\/\/i0.wp.com\/www.blau-weiss-meer.de\/wordpress\/wp-content\/uploads\/2015\/06\/IMG_1539.jpg?resize=350%2C200&ssl=1","width":350,"height":200,"srcset":"https:\/\/i0.wp.com\/www.blau-weiss-meer.de\/wordpress\/wp-content\/uploads\/2015\/06\/IMG_1539.jpg?resize=350%2C200&ssl=1 1x, https:\/\/i0.wp.com\/www.blau-weiss-meer.de\/wordpress\/wp-content\/uploads\/2015\/06\/IMG_1539.jpg?resize=525%2C300&ssl=1 1.5x, https:\/\/i0.wp.com\/www.blau-weiss-meer.de\/wordpress\/wp-content\/uploads\/2015\/06\/IMG_1539.jpg?resize=700%2C400&ssl=1 2x, https:\/\/i0.wp.com\/www.blau-weiss-meer.de\/wordpress\/wp-content\/uploads\/2015\/06\/IMG_1539.jpg?resize=1050%2C600&ssl=1 3x, https:\/\/i0.wp.com\/www.blau-weiss-meer.de\/wordpress\/wp-content\/uploads\/2015\/06\/IMG_1539.jpg?resize=1400%2C800&ssl=1 4x"},"classes":[]},{"id":2431,"url":"https:\/\/www.blau-weiss-meer.de\/wordpress\/termine-sommer-medenspiele\/","url_meta":{"origin":4546,"position":2},"title":"Termine Sommer-Medenspiele","author":"Klaus Hardt","date":"21. M\u00e4rz 2019","format":false,"excerpt":"Die Termine der Sommer-Medenspiele sind auf nuLiga ver\u00f6ffentlicht. Wir werden eine Vielzahl an Begegnungen auf unserer Anlage haben und freuen uns auf viele Zuschauer ... 2019-Medenspiele und Veranstaltungen","rel":"","context":"In &quot;Allgemein&quot;","block_context":{"text":"Allgemein","link":"https:\/\/www.blau-weiss-meer.de\/wordpress\/category\/allgemein\/"},"img":{"alt_text":"","src":"","width":0,"height":0},"classes":[]},{"id":873,"url":"https:\/\/www.blau-weiss-meer.de\/wordpress\/wichtig-termin-notieren\/","url_meta":{"origin":4546,"position":3},"title":"Wichtig!!! Termin notieren!!!","author":"Claudia Takacs","date":"26. Februar 2016","format":false,"excerpt":"JAHRESHAUPTVERSAMMLUNG!!!!! Am 06. M\u00e4rz 2016 findet die diesj\u00e4hrige \u00a0Jahreshauptversammlung um 11.00 Uhr in unserem Clubheim am Ohlerkirchweg statt. Der Vorstand bittet alle Mitglieder um Teilnahme. Der Vorstand","rel":"","context":"In &quot;Allgemein&quot;","block_context":{"text":"Allgemein","link":"https:\/\/www.blau-weiss-meer.de\/wordpress\/category\/allgemein\/"},"img":{"alt_text":"","src":"","width":0,"height":0},"classes":[]},{"id":551,"url":"https:\/\/www.blau-weiss-meer.de\/wordpress\/toller-abschluss-der-pausenliga\/","url_meta":{"origin":4546,"position":4},"title":"Toller Abschluss der Pausenliga","author":"Klaus Hardt","date":"29. Juni 2015","format":false,"excerpt":"Da, wie berichtet, wegen Regens die Endspiele in der Pausenliga am 21.6. nicht stattfinden konnten wurden diese am Freitag, 26.6. auf dem Schulhof der Montessorie-Grundschule ausgespielt. Die Veranstaltung war ein voller Erfolg. Nicht nur die Spiele hatten ein erstaunliches Niveau, es herrschte auch fast eine Stimmung wie im Fu\u00dfball-Stadion. Alle\u2026","rel":"","context":"In &quot;Allgemein&quot;","block_context":{"text":"Allgemein","link":"https:\/\/www.blau-weiss-meer.de\/wordpress\/category\/allgemein\/"},"img":{"alt_text":"","src":"https:\/\/i0.wp.com\/www.blau-weiss-meer.de\/wordpress\/wp-content\/uploads\/2015\/06\/2015-pausenliga-061.jpg?resize=350%2C200&ssl=1","width":350,"height":200,"srcset":"https:\/\/i0.wp.com\/www.blau-weiss-meer.de\/wordpress\/wp-content\/uploads\/2015\/06\/2015-pausenliga-061.jpg?resize=350%2C200&ssl=1 1x, https:\/\/i0.wp.com\/www.blau-weiss-meer.de\/wordpress\/wp-content\/uploads\/2015\/06\/2015-pausenliga-061.jpg?resize=525%2C300&ssl=1 1.5x, https:\/\/i0.wp.com\/www.blau-weiss-meer.de\/wordpress\/wp-content\/uploads\/2015\/06\/2015-pausenliga-061.jpg?resize=700%2C400&ssl=1 2x, https:\/\/i0.wp.com\/www.blau-weiss-meer.de\/wordpress\/wp-content\/uploads\/2015\/06\/2015-pausenliga-061.jpg?resize=1050%2C600&ssl=1 3x, https:\/\/i0.wp.com\/www.blau-weiss-meer.de\/wordpress\/wp-content\/uploads\/2015\/06\/2015-pausenliga-061.jpg?resize=1400%2C800&ssl=1 4x"},"classes":[]},{"id":1770,"url":"https:\/\/www.blau-weiss-meer.de\/wordpress\/aufstiegfeier-der-herren-60-am-01-07-2017\/","url_meta":{"origin":4546,"position":5},"title":"Aufstiegfeier der Herren 60 am 01.07.2017","author":"Heinz Vaehsen","date":"17. Juli 2017","format":false,"excerpt":"Der Aufstieg war geschaft und folgerichtig wurde aus unserer Herren 60 Meden-Saison Abschlussfeier eine Aufstiegsfeier. Wir haben uns nicht lumpen lassen und ein tolles Fest mit gro\u00dfem Buffet vorbereitet. Dazu haben alle Mannschaftsspieler beigetragen. Bevor wir ab 18:00 Uhr zusammen mit dem Vorstand gefeiert haben, mussten wir aber noch Traditionell\u2026","rel":"","context":"In &quot;Allgemein&quot;","block_context":{"text":"Allgemein","link":"https:\/\/www.blau-weiss-meer.de\/wordpress\/category\/allgemein\/"},"img":{"alt_text":"IMG_0636[1]","src":"https:\/\/i0.wp.com\/www.blau-weiss-meer.de\/wordpress\/wp-content\/uploads\/2017\/07\/IMG_06361-300x225.jpg?resize=350%2C200","width":350,"height":200},"classes":[]}],"jetpack_sharing_enabled":true,"jetpack_likes_enabled":true,"_links":{"self":[{"href":"https:\/\/www.blau-weiss-meer.de\/wordpress\/wp-json\/wp\/v2\/posts\/4546","targetHints":{"allow":["GET"]}}],"collection":[{"href":"https:\/\/www.blau-weiss-meer.de\/wordpress\/wp-json\/wp\/v2\/posts"}],"about":[{"href":"https:\/\/www.blau-weiss-meer.de\/wordpress\/wp-json\/wp\/v2\/types\/post"}],"author":[{"embeddable":true,"href":"https:\/\/www.blau-weiss-meer.de\/wordpress\/wp-json\/wp\/v2\/users\/4"}],"replies":[{"embeddable":true,"href":"https:\/\/www.blau-weiss-meer.de\/wordpress\/wp-json\/wp\/v2\/comments?post=4546"}],"version-history":[{"count":2,"href":"https:\/\/www.blau-weiss-meer.de\/wordpress\/wp-json\/wp\/v2\/posts\/4546\/revisions"}],"predecessor-version":[{"id":4561,"href":"https:\/\/www.blau-weiss-meer.de\/wordpress\/wp-json\/wp\/v2\/posts\/4546\/revisions\/4561"}],"wp:featuredmedia":[{"embeddable":true,"href":"https:\/\/www.blau-weiss-meer.de\/wordpress\/wp-json\/wp\/v2\/media\/4549"}],"wp:attachment":[{"href":"https:\/\/www.blau-weiss-meer.de\/wordpress\/wp-json\/wp\/v2\/media?parent=4546"}],"wp:term":[{"taxonomy":"category","embeddable":true,"href":"https:\/\/www.blau-weiss-meer.de\/wordpress\/wp-json\/wp\/v2\/categories?post=4546"},{"taxonomy":"post_tag","embeddable":true,"href":"https:\/\/www.blau-weiss-meer.de\/wordpress\/wp-json\/wp\/v2\/tags?post=4546"}],"curies":[{"name":"wp","href":"https:\/\/api.w.org\/{rel}","templated":true}]}}