{"id":4140,"date":"2023-05-09T10:04:48","date_gmt":"2023-05-09T10:04:48","guid":{"rendered":"http:\/\/www.blau-weiss-meer.de\/wordpress\/?p=4140"},"modified":"2023-06-20T20:23:55","modified_gmt":"2023-06-20T20:23:55","slug":"rewe-aktion-scheine-fuer-vereine","status":"publish","type":"post","link":"https:\/\/www.blau-weiss-meer.de\/wordpress\/rewe-aktion-scheine-fuer-vereine\/","title":{"rendered":"REWE Aktion &#8222;Scheine f\u00fcr Vereine&#8220;"},"content":{"rendered":"\n<figure class=\"wp-block-image size-large is-resized\"><a href=\"https:\/\/www.blau-weiss-meer.de\/wordpress\/wp-content\/uploads\/2023\/05\/REWE_Scheine-fuer-Vereine_Poster-Feed.jpg\"><img loading=\"lazy\" decoding=\"async\" src=\"https:\/\/www.blau-weiss-meer.de\/wordpress\/wp-content\/uploads\/2023\/05\/REWE_Scheine-fuer-Vereine_Poster-Feed-819x1024.jpg\" alt=\"\" class=\"wp-image-4141\" width=\"614\" height=\"768\" srcset=\"https:\/\/www.blau-weiss-meer.de\/wordpress\/wp-content\/uploads\/2023\/05\/REWE_Scheine-fuer-Vereine_Poster-Feed-819x1024.jpg 819w, https:\/\/www.blau-weiss-meer.de\/wordpress\/wp-content\/uploads\/2023\/05\/REWE_Scheine-fuer-Vereine_Poster-Feed-240x300.jpg 240w, https:\/\/www.blau-weiss-meer.de\/wordpress\/wp-content\/uploads\/2023\/05\/REWE_Scheine-fuer-Vereine_Poster-Feed-768x960.jpg 768w, https:\/\/www.blau-weiss-meer.de\/wordpress\/wp-content\/uploads\/2023\/05\/REWE_Scheine-fuer-Vereine_Poster-Feed-1229x1536.jpg 1229w, https:\/\/www.blau-weiss-meer.de\/wordpress\/wp-content\/uploads\/2023\/05\/REWE_Scheine-fuer-Vereine_Poster-Feed.jpg 1512w\" sizes=\"auto, (max-width: 614px) 100vw, 614px\" \/><\/a><\/figure>\n\n\n\n<p>Hallo liebe Mitglieder,&nbsp;<\/p>\n\n\n\n<p>wie ihr vielleicht schon mitbekommen habt sind wir bei der Aktion \u201eScheine f\u00fcr Vereine\u201c von Rewe registriert\u2705.&nbsp;<\/p>\n\n\n\n<p>Die Sammelbox f\u00fcr unsere Scheine befindet sich im Clubhaus. Dort k\u00f6nnt ihr die Scheine einwerfen, die ihr selber mit eurem Freundes- und Bekanntenkreis sammelt.&nbsp;<\/p>\n\n\n\n<p>Die Aktion gilt Deutschlandweit! Das bedeutet wenn eure Familie und Freunde keinen eigenen Verein haben dem sie die Scheine spenden k\u00f6nnen, ist es z.B. m\u00f6glich, dass sie euch die QR Codes von den Scheinen per WhatsApp schicken und wir diese dann Einscannen.&nbsp;<\/p>\n\n\n\n<p>Bzw. wenn ihr es hinbekommt dann scannt die Scheine gerne direkt mit dem Smartphone ein und ordnet sie unserem Verein zu. Dann ist es eine kleine Arbeitserleichterung f\u00fcr alle die sp\u00e4ter beim Einscannen helfen\ud83d\ude04\ud83d\ude4c.&nbsp;<\/p>\n\n\n\n<p>Jeder Schein z\u00e4hlt und damit etwas dabei rum kommt sind alle gefragt. Teilt die Info im Freundes und Bekanntenkreis. Schreibt es in den Status bei WhatsApp oder \u00c4hnliches. Dann k\u00f6nnen wir am Ende ein paar richtig sch\u00f6ne Pr\u00e4mien f\u00fcr den Verein bestellen\ud83e\udd73.&nbsp;<\/p>\n\n\n\n<p>Auf der Website der Aktion findet ihr den Zwischenstand und k\u00f6nnt sehen wie viele Scheine f\u00fcr unsere angestrebte Pr\u00e4mie noch fehlen:<\/p>\n\n\n\n<p><a href=\"https:\/\/scheinefuervereine.rewe.de\/verein\/10000014834\" data-type=\"URL\" data-id=\"https:\/\/scheinefuervereine.rewe.de\/verein\/10000014834\">https:\/\/scheinefuervereine.rewe.de\/verein\/10000014834<\/a><\/p>\n\n\n\n<p>Jetzt heisst es weiterhin flei\u00dfig sammeln und Mithelfen, damit wir eine sch\u00f6ne Pr\u00e4mie bekommen\ud83d\ude09.<\/p>\n","protected":false},"excerpt":{"rendered":"<p>Hallo liebe Mitglieder,&nbsp; wie ihr vielleicht schon mitbekommen habt sind wir bei der Aktion \u201eScheine f\u00fcr Vereine\u201c von Rewe registriert\u2705.&nbsp;&hellip;<\/p>\n","protected":false},"author":11,"featured_media":4144,"comment_status":"open","ping_status":"open","sticky":false,"template":"","format":"standard","meta":{"_jetpack_memberships_contains_paid_content":false,"footnotes":"","jetpack_publicize_message":"","jetpack_publicize_feature_enabled":true,"jetpack_social_post_already_shared":true,"jetpack_social_options":{"image_generator_settings":{"template":"highway","default_image_id":0,"enabled":false},"version":2}},"categories":[1],"tags":[28,26,27],"class_list":["post-4140","post","type-post","status-publish","format-standard","has-post-thumbnail","hentry","category-allgemein","tag-aktion","tag-rewe","tag-sponsoring"],"jetpack_publicize_connections":[],"jetpack_featured_media_url":"https:\/\/www.blau-weiss-meer.de\/wordpress\/wp-content\/uploads\/2023\/05\/REWE_Scheine-fuer-Vereine_Poster-Feed-1.jpg","jetpack-related-posts":[{"id":2001,"url":"https:\/\/www.blau-weiss-meer.de\/wordpress\/achtung-fruehjahrsaktion-verschoben-auf-14-04-2018\/","url_meta":{"origin":4140,"position":0},"title":"Achtung !!! Fr\u00fchjahrsaktion verschoben auf 14.04.2018","author":"Claudia Takacs","date":"9. April 2018","format":false,"excerpt":"Hallo liebe Mitglieder, unsere diesj\u00e4hrige Fr\u00fchjahrsaktion ist aufgrund der Wetterlage auf den 14. April, 10.00 Uhr verlegt. Wir hoffen auf viele Helfer, damit wir unsere sch\u00f6ne Anlage f\u00fcr die neue Saison wieder in hohen Glanz versetzen k\u00f6nnen. Euer Vorstand \u00a0","rel":"","context":"In &quot;Allgemein&quot;","block_context":{"text":"Allgemein","link":"https:\/\/www.blau-weiss-meer.de\/wordpress\/category\/allgemein\/"},"img":{"alt_text":"","src":"","width":0,"height":0},"classes":[]},{"id":3249,"url":"https:\/\/www.blau-weiss-meer.de\/wordpress\/aktion-einrichten-der-neuen-plaetze\/","url_meta":{"origin":4140,"position":1},"title":"Aktion Einrichten der neuen Pl\u00e4tze!!!","author":"Claudia Takacs","date":"4. Juli 2021","format":false,"excerpt":"Am 09.06 war es endlich so weit, die neuen Pl\u00e4tze sind fertig In einer gemeinsamen Aktion wurden die Planen, B\u00e4nken und allem was dazu geh\u00f6rt eingerichtet.","rel":"","context":"In &quot;Allgemein&quot;","block_context":{"text":"Allgemein","link":"https:\/\/www.blau-weiss-meer.de\/wordpress\/category\/allgemein\/"},"img":{"alt_text":"","src":"https:\/\/i0.wp.com\/www.blau-weiss-meer.de\/wordpress\/wp-content\/uploads\/2021\/07\/20210609_182049_0011-scaled.jpg?resize=350%2C200&ssl=1","width":350,"height":200,"srcset":"https:\/\/i0.wp.com\/www.blau-weiss-meer.de\/wordpress\/wp-content\/uploads\/2021\/07\/20210609_182049_0011-scaled.jpg?resize=350%2C200&ssl=1 1x, https:\/\/i0.wp.com\/www.blau-weiss-meer.de\/wordpress\/wp-content\/uploads\/2021\/07\/20210609_182049_0011-scaled.jpg?resize=525%2C300&ssl=1 1.5x, https:\/\/i0.wp.com\/www.blau-weiss-meer.de\/wordpress\/wp-content\/uploads\/2021\/07\/20210609_182049_0011-scaled.jpg?resize=700%2C400&ssl=1 2x, https:\/\/i0.wp.com\/www.blau-weiss-meer.de\/wordpress\/wp-content\/uploads\/2021\/07\/20210609_182049_0011-scaled.jpg?resize=1050%2C600&ssl=1 3x, https:\/\/i0.wp.com\/www.blau-weiss-meer.de\/wordpress\/wp-content\/uploads\/2021\/07\/20210609_182049_0011-scaled.jpg?resize=1400%2C800&ssl=1 4x"},"classes":[]},{"id":862,"url":"https:\/\/www.blau-weiss-meer.de\/wordpress\/achtung-winteraktion-07-11-15\/","url_meta":{"origin":4140,"position":2},"title":"Achtung &#8222;Winteraktion &#8220; 07.11.15","author":"Claudia Takacs","date":"2. November 2015","format":false,"excerpt":"Am 07.11 15 findet von 10.00 bis ca. 14.00 Uhr die allj\u00e4hrliche Winteraktion statt. Hier werden unsere Tennispl\u00e4tze in den wohlverdienten \u00a0Winterschlaf gelegt. Wir brauchen \u00a0jede helfende Hand . Der Vorstand \u00a0 \u00a0 \u00a0","rel":"","context":"In &quot;Allgemein&quot;","block_context":{"text":"Allgemein","link":"https:\/\/www.blau-weiss-meer.de\/wordpress\/category\/allgemein\/"},"img":{"alt_text":"","src":"","width":0,"height":0},"classes":[]},{"id":3198,"url":"https:\/\/www.blau-weiss-meer.de\/wordpress\/new-vereinsfoerderung\/","url_meta":{"origin":4140,"position":3},"title":"NEW Vereinsf\u00f6rderung","author":"Claudia Takacs","date":"9. Juni 2021","format":false,"excerpt":"Der TG Blau-Weiss Meer pr\u00e4sentiert sich mit seinem Engagement bei der NEW-Vereinsf\u00f6rderung 2021\u2013 Abstimmung bis zum 24. Juni! Der TG Blau-Weiss Meer nimmt an der NEW-Vereinsf\u00f6rderung 2021 teil: Dem Verein winken bis zu 2.500 Euro. Seit vielen Jahren unterst\u00fctz die NEW AG Vereine im Versorgungsgebiet. Erstmals in diesem Jahr findet\u2026","rel":"","context":"In &quot;Allgemein&quot;","block_context":{"text":"Allgemein","link":"https:\/\/www.blau-weiss-meer.de\/wordpress\/category\/allgemein\/"},"img":{"alt_text":"","src":"","width":0,"height":0},"classes":[]},{"id":888,"url":"https:\/\/www.blau-weiss-meer.de\/wordpress\/fruehjahrsaktion\/","url_meta":{"origin":4140,"position":4},"title":"Platzer\u00f6ffnung","author":"Claudia Takacs","date":"29. M\u00e4rz 2016","format":false,"excerpt":"Liebe Mitglieder von Blau-Weiss Meer, auf Anraten von Fa. Zinn haben wir beschlossen, die Platzer\u00f6ffnung noch ein paar Tage hinaus zu z\u00f6gern. Derzeit ist geplant, am Dienstag oder Mittwoch die Netze aufzuh\u00e4ngen, so dass sp\u00e4testens ab Donnerstag (14. April) der Spielbetrieb starten kann. Ich melde mich dazu aber dann noch\u2026","rel":"","context":"In &quot;Allgemein&quot;","block_context":{"text":"Allgemein","link":"https:\/\/www.blau-weiss-meer.de\/wordpress\/category\/allgemein\/"},"img":{"alt_text":"","src":"","width":0,"height":0},"classes":[]},{"id":3807,"url":"https:\/\/www.blau-weiss-meer.de\/wordpress\/sport-verbindet\/","url_meta":{"origin":4140,"position":5},"title":"Sport verbindet","author":"Claudia Takacs","date":"26. Juni 2022","format":false,"excerpt":"Intergration bedeutet auch, Menschen zu helfen, sich durch Sport an etwas Neues zu gew\u00f6hnen. Zwei Spielerinnen der TG Blau Weiss Meer, haben 2 ukrainischen Familien die Grundlagen des Tennisspielens bei tollem Wetter mit viel Spa\u00df vermittelt. Die Gastfamilie Olaf und Marie-Luise Kelz bedanken sich herzlich f\u00fcr diese tolle Aktion der\u2026","rel":"","context":"In &quot;Allgemein&quot;","block_context":{"text":"Allgemein","link":"https:\/\/www.blau-weiss-meer.de\/wordpress\/category\/allgemein\/"},"img":{"alt_text":"","src":"https:\/\/i0.wp.com\/www.blau-weiss-meer.de\/wordpress\/wp-content\/uploads\/2022\/06\/IMG-20220615-WA0018.jpg?resize=350%2C200&ssl=1","width":350,"height":200,"srcset":"https:\/\/i0.wp.com\/www.blau-weiss-meer.de\/wordpress\/wp-content\/uploads\/2022\/06\/IMG-20220615-WA0018.jpg?resize=350%2C200&ssl=1 1x, https:\/\/i0.wp.com\/www.blau-weiss-meer.de\/wordpress\/wp-content\/uploads\/2022\/06\/IMG-20220615-WA0018.jpg?resize=525%2C300&ssl=1 1.5x, https:\/\/i0.wp.com\/www.blau-weiss-meer.de\/wordpress\/wp-content\/uploads\/2022\/06\/IMG-20220615-WA0018.jpg?resize=700%2C400&ssl=1 2x, https:\/\/i0.wp.com\/www.blau-weiss-meer.de\/wordpress\/wp-content\/uploads\/2022\/06\/IMG-20220615-WA0018.jpg?resize=1050%2C600&ssl=1 3x, https:\/\/i0.wp.com\/www.blau-weiss-meer.de\/wordpress\/wp-content\/uploads\/2022\/06\/IMG-20220615-WA0018.jpg?resize=1400%2C800&ssl=1 4x"},"classes":[]}],"jetpack_sharing_enabled":true,"jetpack_likes_enabled":true,"_links":{"self":[{"href":"https:\/\/www.blau-weiss-meer.de\/wordpress\/wp-json\/wp\/v2\/posts\/4140","targetHints":{"allow":["GET"]}}],"collection":[{"href":"https:\/\/www.blau-weiss-meer.de\/wordpress\/wp-json\/wp\/v2\/posts"}],"about":[{"href":"https:\/\/www.blau-weiss-meer.de\/wordpress\/wp-json\/wp\/v2\/types\/post"}],"author":[{"embeddable":true,"href":"https:\/\/www.blau-weiss-meer.de\/wordpress\/wp-json\/wp\/v2\/users\/11"}],"replies":[{"embeddable":true,"href":"https:\/\/www.blau-weiss-meer.de\/wordpress\/wp-json\/wp\/v2\/comments?post=4140"}],"version-history":[{"count":3,"href":"https:\/\/www.blau-weiss-meer.de\/wordpress\/wp-json\/wp\/v2\/posts\/4140\/revisions"}],"predecessor-version":[{"id":4219,"href":"https:\/\/www.blau-weiss-meer.de\/wordpress\/wp-json\/wp\/v2\/posts\/4140\/revisions\/4219"}],"wp:featuredmedia":[{"embeddable":true,"href":"https:\/\/www.blau-weiss-meer.de\/wordpress\/wp-json\/wp\/v2\/media\/4144"}],"wp:attachment":[{"href":"https:\/\/www.blau-weiss-meer.de\/wordpress\/wp-json\/wp\/v2\/media?parent=4140"}],"wp:term":[{"taxonomy":"category","embeddable":true,"href":"https:\/\/www.blau-weiss-meer.de\/wordpress\/wp-json\/wp\/v2\/categories?post=4140"},{"taxonomy":"post_tag","embeddable":true,"href":"https:\/\/www.blau-weiss-meer.de\/wordpress\/wp-json\/wp\/v2\/tags?post=4140"}],"curies":[{"name":"wp","href":"https:\/\/api.w.org\/{rel}","templated":true}]}}