{"id":3757,"date":"2022-06-03T17:24:04","date_gmt":"2022-06-03T17:24:04","guid":{"rendered":"http:\/\/www.blau-weiss-meer.de\/wordpress\/?p=3757"},"modified":"2022-06-03T17:24:04","modified_gmt":"2022-06-03T17:24:04","slug":"h60-sommer-2022","status":"publish","type":"post","link":"https:\/\/www.blau-weiss-meer.de\/wordpress\/h60-sommer-2022\/","title":{"rendered":"H60 Sommer 2022"},"content":{"rendered":"\n<p>Am 7.05.22 starteten wir als Heimspiel beim VSF Amern 1 in die neue Saison.<\/p>\n\n\n\n<p>Nach einer grandiosen Leistung vor allem von Klaus ab dem 2.Satz und aller anderen konnten wir das Spiel 5:4 gewinnen.<\/p>\n\n\n\n<p>Was f\u00fcr ein Start in die neue Saison!<\/p>\n","protected":false},"excerpt":{"rendered":"<p>Am 7.05.22 starteten wir als Heimspiel beim VSF Amern 1 in die neue Saison. Nach einer grandiosen Leistung vor allem&hellip;<\/p>\n","protected":false},"author":6,"featured_media":0,"comment_status":"open","ping_status":"open","sticky":false,"template":"","format":"standard","meta":{"_jetpack_memberships_contains_paid_content":false,"footnotes":"","jetpack_publicize_message":"","jetpack_publicize_feature_enabled":true,"jetpack_social_post_already_shared":true,"jetpack_social_options":{"image_generator_settings":{"template":"highway","default_image_id":0,"enabled":false},"version":2}},"categories":[1],"tags":[],"class_list":["post-3757","post","type-post","status-publish","format-standard","hentry","category-allgemein"],"jetpack_publicize_connections":[],"jetpack_featured_media_url":"","jetpack-related-posts":[{"id":2423,"url":"https:\/\/www.blau-weiss-meer.de\/wordpress\/vorfreude-auf-die-saison-2019\/","url_meta":{"origin":3757,"position":0},"title":"Vorfreude auf die Saison 2019","author":"Klaus Hardt","date":"14. M\u00e4rz 2019","format":false,"excerpt":"Mit gro\u00dfer Vorfreude warten alle Spielerinnen und Spieler auf den Start der neuen Saison. Im Herbst sind alle 5 Pl\u00e4tze runderneuert und Trennz\u00e4une an den vorderen Pl\u00e4tzen installiert worden. Neue Netze, Planen und viele weitere Details machen Appetit auf die Auss ensaison. Jetzt muss nur noch das Wetter besser werden\u2026","rel":"","context":"In &quot;Allgemein&quot;","block_context":{"text":"Allgemein","link":"https:\/\/www.blau-weiss-meer.de\/wordpress\/category\/allgemein\/"},"img":{"alt_text":"","src":"https:\/\/i0.wp.com\/www.blau-weiss-meer.de\/wordpress\/wp-content\/uploads\/2019\/03\/platzerneuerung.jpg?resize=350%2C200&ssl=1","width":350,"height":200,"srcset":"https:\/\/i0.wp.com\/www.blau-weiss-meer.de\/wordpress\/wp-content\/uploads\/2019\/03\/platzerneuerung.jpg?resize=350%2C200&ssl=1 1x, https:\/\/i0.wp.com\/www.blau-weiss-meer.de\/wordpress\/wp-content\/uploads\/2019\/03\/platzerneuerung.jpg?resize=525%2C300&ssl=1 1.5x, https:\/\/i0.wp.com\/www.blau-weiss-meer.de\/wordpress\/wp-content\/uploads\/2019\/03\/platzerneuerung.jpg?resize=700%2C400&ssl=1 2x, https:\/\/i0.wp.com\/www.blau-weiss-meer.de\/wordpress\/wp-content\/uploads\/2019\/03\/platzerneuerung.jpg?resize=1050%2C600&ssl=1 3x"},"classes":[]},{"id":1553,"url":"https:\/\/www.blau-weiss-meer.de\/wordpress\/toller-saisonstart-fuer-blau-weiss-meer\/","url_meta":{"origin":3757,"position":1},"title":"Toller Saisonstart f\u00fcr Blau-Weiss Meer","author":"Klaus Hardt","date":"15. Mai 2017","format":false,"excerpt":"Diesen Beitrag schreibe ich als Sportwart und nicht als Spieler der Herren-50 :-) Einen nie dagewesenen - soweit ich dabei bin - Start in eine Medensaison verzeichnen die Mannschaften von Blau-Weiss Meer in diesem Sommer. Alle Teams haben bisher gewonnen: 8 Spiele - 8 Siege! SUPER! Besonders freut mich auch,\u2026","rel":"","context":"In &quot;Allgemein&quot;","block_context":{"text":"Allgemein","link":"https:\/\/www.blau-weiss-meer.de\/wordpress\/category\/allgemein\/"},"img":{"alt_text":"","src":"","width":0,"height":0},"classes":[]},{"id":1006,"url":"https:\/\/www.blau-weiss-meer.de\/wordpress\/erstes-medenspiel-der-saison-laeuft\/","url_meta":{"origin":3757,"position":2},"title":"Erstes Medenspiel der Saison l\u00e4uft","author":"Klaus Hardt","date":"5. Mai 2016","format":false,"excerpt":"Das erste Spiel l\u00e4uft. \u00a0Gegner ist Wickrath und es sieht gut aus - alle drei Einzel konnten gewonnen werden...","rel":"","context":"In &quot;Allgemein&quot;","block_context":{"text":"Allgemein","link":"https:\/\/www.blau-weiss-meer.de\/wordpress\/category\/allgemein\/"},"img":{"alt_text":"20160505_103150","src":"https:\/\/i0.wp.com\/www.blau-weiss-meer.de\/wordpress\/wp-content\/uploads\/2016\/05\/20160505_103150-300x225.jpg?resize=350%2C200","width":350,"height":200},"classes":[]},{"id":480,"url":"https:\/\/www.blau-weiss-meer.de\/wordpress\/aufregender-saisonabschluss-fuer-damen-40-in-wickrath\/","url_meta":{"origin":3757,"position":3},"title":"Aufregender Saisonabschluss f\u00fcr Damen 40 in Wickrath","author":"Claudia Takacs","date":"16. Juni 2015","format":false,"excerpt":"Am Sonntagnachmittag siegten die Damen 40 \u00fcberragend mit 6:3. Nach einigen Aufregungen w\u00e4hrend der Einzelpartien stand es 4:2 f\u00fcr die Damen der TG Blau-Weiss-Meer. Nun stand fest, es sollten alle 3 Doppel gewonnen werden. Im neuen Teamoutfit traten die Damen die Doppel an.\u00a0Nach tollen Spielen mit tollem Teamgeist konnten\u00a0leider nur\u2026","rel":"","context":"In &quot;Allgemein&quot;","block_context":{"text":"Allgemein","link":"https:\/\/www.blau-weiss-meer.de\/wordpress\/category\/allgemein\/"},"img":{"alt_text":"","src":"https:\/\/i0.wp.com\/www.blau-weiss-meer.de\/wordpress\/wp-content\/uploads\/2015\/06\/IMG_5896.jpg?resize=350%2C200&ssl=1","width":350,"height":200,"srcset":"https:\/\/i0.wp.com\/www.blau-weiss-meer.de\/wordpress\/wp-content\/uploads\/2015\/06\/IMG_5896.jpg?resize=350%2C200&ssl=1 1x, https:\/\/i0.wp.com\/www.blau-weiss-meer.de\/wordpress\/wp-content\/uploads\/2015\/06\/IMG_5896.jpg?resize=525%2C300&ssl=1 1.5x, https:\/\/i0.wp.com\/www.blau-weiss-meer.de\/wordpress\/wp-content\/uploads\/2015\/06\/IMG_5896.jpg?resize=700%2C400&ssl=1 2x, https:\/\/i0.wp.com\/www.blau-weiss-meer.de\/wordpress\/wp-content\/uploads\/2015\/06\/IMG_5896.jpg?resize=1050%2C600&ssl=1 3x, https:\/\/i0.wp.com\/www.blau-weiss-meer.de\/wordpress\/wp-content\/uploads\/2015\/06\/IMG_5896.jpg?resize=1400%2C800&ssl=1 4x"},"classes":[]},{"id":469,"url":"https:\/\/www.blau-weiss-meer.de\/wordpress\/herren-501-schaffen-sagenhaften-abschluss-der-medenspiel-saison\/","url_meta":{"origin":3757,"position":4},"title":"Herren 50(1) schaffen sagenhaften Abschluss der Medenspiel-Saison","author":"Klaus Hardt","date":"14. Juni 2015","format":false,"excerpt":"Nachdem Olaf wegen eines Trauerfalls in der Familie nicht spielen konnte und Willi durch einen Muskelfaserriss oder eine Zerrung au\u00dfer Gefecht gesetzt war ging die erste Herren 50 Mannschaft vor dem letzten Medenspiel gegen Liedberg \"auf der letzten Rille\". Gut, dass die zweite Mannschaft aushelfen konnte - und wie! Sowohl\u2026","rel":"","context":"In &quot;Allgemein&quot;","block_context":{"text":"Allgemein","link":"https:\/\/www.blau-weiss-meer.de\/wordpress\/category\/allgemein\/"},"img":{"alt_text":"medenspiel_2015-06-13","src":"https:\/\/i0.wp.com\/www.blau-weiss-meer.de\/wordpress\/wp-content\/uploads\/2015\/06\/medenspiel_2015-06-13-224x300.jpg?resize=350%2C200","width":350,"height":200},"classes":[]},{"id":1544,"url":"https:\/\/www.blau-weiss-meer.de\/wordpress\/herren-60-saison-2017\/","url_meta":{"origin":3757,"position":5},"title":"Herren 60 Saison 2017","author":"Heinz Vaehsen","date":"14. Mai 2017","format":false,"excerpt":"","rel":"","context":"In &quot;Allgemein&quot;","block_context":{"text":"Allgemein","link":"https:\/\/www.blau-weiss-meer.de\/wordpress\/category\/allgemein\/"},"img":{"alt_text":"Herren 60 Erstes Spiel am 13.05.2017 bei tollem Wetter der Herren 60 mit gutem Start. Das Heimspiel gegen TC Vorster Wald Kaarst konnten wir mit 9:0 f\u00fcr uns entscheiden. Tolle Mannschaftsleistung. Leider konnte Samer Verletzungsbedingt nicht mitspielen. Wir w\u00fcnschen ihm gute Besserung und das er bald wieder spielen  kann.","src":"https:\/\/i0.wp.com\/www.blau-weiss-meer.de\/wordpress\/wp-content\/uploads\/2017\/05\/IMG_03001-300x225.jpg?resize=350%2C200","width":350,"height":200},"classes":[]}],"jetpack_sharing_enabled":true,"jetpack_likes_enabled":true,"_links":{"self":[{"href":"https:\/\/www.blau-weiss-meer.de\/wordpress\/wp-json\/wp\/v2\/posts\/3757","targetHints":{"allow":["GET"]}}],"collection":[{"href":"https:\/\/www.blau-weiss-meer.de\/wordpress\/wp-json\/wp\/v2\/posts"}],"about":[{"href":"https:\/\/www.blau-weiss-meer.de\/wordpress\/wp-json\/wp\/v2\/types\/post"}],"author":[{"embeddable":true,"href":"https:\/\/www.blau-weiss-meer.de\/wordpress\/wp-json\/wp\/v2\/users\/6"}],"replies":[{"embeddable":true,"href":"https:\/\/www.blau-weiss-meer.de\/wordpress\/wp-json\/wp\/v2\/comments?post=3757"}],"version-history":[{"count":1,"href":"https:\/\/www.blau-weiss-meer.de\/wordpress\/wp-json\/wp\/v2\/posts\/3757\/revisions"}],"predecessor-version":[{"id":3758,"href":"https:\/\/www.blau-weiss-meer.de\/wordpress\/wp-json\/wp\/v2\/posts\/3757\/revisions\/3758"}],"wp:attachment":[{"href":"https:\/\/www.blau-weiss-meer.de\/wordpress\/wp-json\/wp\/v2\/media?parent=3757"}],"wp:term":[{"taxonomy":"category","embeddable":true,"href":"https:\/\/www.blau-weiss-meer.de\/wordpress\/wp-json\/wp\/v2\/categories?post=3757"},{"taxonomy":"post_tag","embeddable":true,"href":"https:\/\/www.blau-weiss-meer.de\/wordpress\/wp-json\/wp\/v2\/tags?post=3757"}],"curies":[{"name":"wp","href":"https:\/\/api.w.org\/{rel}","templated":true}]}}