{"id":3721,"date":"2022-05-21T10:48:45","date_gmt":"2022-05-21T10:48:45","guid":{"rendered":"http:\/\/www.blau-weiss-meer.de\/wordpress\/?p=3721"},"modified":"2022-05-21T10:48:45","modified_gmt":"2022-05-21T10:48:45","slug":"dahler-fest-mit-flohmarkt-und-tennis","status":"publish","type":"post","link":"https:\/\/www.blau-weiss-meer.de\/wordpress\/dahler-fest-mit-flohmarkt-und-tennis\/","title":{"rendered":"Dahler Fest mit Flohmarkt und Tennis"},"content":{"rendered":"\n<figure class=\"wp-block-image size-full\"><a href=\"https:\/\/www.blau-weiss-meer.de\/wordpress\/wp-content\/uploads\/2022\/05\/Screenshot_20220521-124425_Samsung-Notes.jpg\"><img loading=\"lazy\" decoding=\"async\" width=\"670\" height=\"937\" src=\"https:\/\/www.blau-weiss-meer.de\/wordpress\/wp-content\/uploads\/2022\/05\/Screenshot_20220521-124425_Samsung-Notes.jpg\" alt=\"\" class=\"wp-image-3723\" srcset=\"https:\/\/www.blau-weiss-meer.de\/wordpress\/wp-content\/uploads\/2022\/05\/Screenshot_20220521-124425_Samsung-Notes.jpg 670w, https:\/\/www.blau-weiss-meer.de\/wordpress\/wp-content\/uploads\/2022\/05\/Screenshot_20220521-124425_Samsung-Notes-215x300.jpg 215w\" sizes=\"auto, (max-width: 670px) 100vw, 670px\" \/><\/a><\/figure>\n","protected":false},"excerpt":{"rendered":"","protected":false},"author":10,"featured_media":3722,"comment_status":"open","ping_status":"open","sticky":false,"template":"","format":"standard","meta":{"_jetpack_memberships_contains_paid_content":false,"footnotes":"","jetpack_publicize_message":"","jetpack_publicize_feature_enabled":true,"jetpack_social_post_already_shared":true,"jetpack_social_options":{"image_generator_settings":{"template":"highway","default_image_id":0,"enabled":false},"version":2}},"categories":[1],"tags":[],"class_list":["post-3721","post","type-post","status-publish","format-standard","has-post-thumbnail","hentry","category-allgemein"],"jetpack_publicize_connections":[],"jetpack_featured_media_url":"https:\/\/www.blau-weiss-meer.de\/wordpress\/wp-content\/uploads\/2022\/05\/Screenshot_20220521-124413_Samsung-Notes.jpg","jetpack-related-posts":[{"id":1539,"url":"https:\/\/www.blau-weiss-meer.de\/wordpress\/auftaktsieg-der-herren-50-in-wahrem-tennis-krimi\/","url_meta":{"origin":3721,"position":0},"title":"Auftaktsieg der Herren 50 in wahrem Tennis-Krimi","author":"Klaus Hardt","date":"7. Mai 2017","format":false,"excerpt":"Einen echten Tennis-Krimi hatte die Herren-50-Mannschaft in Ihrem Saisonauftakt gegen den Neersener Turnerbund 1894 zu \u00fcberstehen. Nach den Einzeln lag man 2:4 zur\u00fcck und das obwohl Neersen nur 5 Einzel bestreiten konnte. Leider konnte nur Kersten Donga in seinem Einzel \u00fcberzeugen und einen Sieg einfahren. In drei sehr engen Tennis-Partien\u2026","rel":"","context":"In &quot;Allgemein&quot;","block_context":{"text":"Allgemein","link":"https:\/\/www.blau-weiss-meer.de\/wordpress\/category\/allgemein\/"},"img":{"alt_text":"","src":"","width":0,"height":0},"classes":[]},{"id":3716,"url":"https:\/\/www.blau-weiss-meer.de\/wordpress\/erster-sieg-der-damen-40\/","url_meta":{"origin":3721,"position":1},"title":"Erster Sieg der Damen 40","author":"Claudia Takacs","date":"15. Mai 2022","format":false,"excerpt":"Am 14. Mai fand das erste Heimspiel, der Spielegemeinschaft D40 TC Venn\/BW Meer, gegen den Lokal-Matador TC Rheindahlen bei herrlichem Sonnenschein statt. Nach den Einzeln und drei spannenden Match-Tiebreaks stand es 4:2 f\u00fcr das Team Venn\/BW Meer. Nun hie\u00df es, ein Doppel reicht f\u00fcr den Sieg. Nach langer \u00dcberlegung stand\u2026","rel":"","context":"In &quot;Allgemein&quot;","block_context":{"text":"Allgemein","link":"https:\/\/www.blau-weiss-meer.de\/wordpress\/category\/allgemein\/"},"img":{"alt_text":"","src":"","width":0,"height":0},"classes":[]},{"id":3257,"url":"https:\/\/www.blau-weiss-meer.de\/wordpress\/wir-machen-mit\/","url_meta":{"origin":3721,"position":2},"title":"Wir machen mit!!!!!","author":"Claudia Takacs","date":"4. Juli 2021","format":false,"excerpt":"Die Tennisgemeinschaft TG Blau Weiss Meer nimmt an der Aktion \"Recycling alter Tennisb\u00e4lle\" teil. Somit entsteht ein perfekter Tenniskreislauf, mit dem wir die Erde und auch den Tennissport ein St\u00fcck weit gr\u00fcner gestallten wollen.","rel":"","context":"In &quot;Allgemein&quot;","block_context":{"text":"Allgemein","link":"https:\/\/www.blau-weiss-meer.de\/wordpress\/category\/allgemein\/"},"img":{"alt_text":"","src":"https:\/\/i0.wp.com\/www.blau-weiss-meer.de\/wordpress\/wp-content\/uploads\/2021\/07\/20210630_1812101-scaled.jpg?resize=350%2C200&ssl=1","width":350,"height":200,"srcset":"https:\/\/i0.wp.com\/www.blau-weiss-meer.de\/wordpress\/wp-content\/uploads\/2021\/07\/20210630_1812101-scaled.jpg?resize=350%2C200&ssl=1 1x, https:\/\/i0.wp.com\/www.blau-weiss-meer.de\/wordpress\/wp-content\/uploads\/2021\/07\/20210630_1812101-scaled.jpg?resize=525%2C300&ssl=1 1.5x, https:\/\/i0.wp.com\/www.blau-weiss-meer.de\/wordpress\/wp-content\/uploads\/2021\/07\/20210630_1812101-scaled.jpg?resize=700%2C400&ssl=1 2x, https:\/\/i0.wp.com\/www.blau-weiss-meer.de\/wordpress\/wp-content\/uploads\/2021\/07\/20210630_1812101-scaled.jpg?resize=1050%2C600&ssl=1 3x, https:\/\/i0.wp.com\/www.blau-weiss-meer.de\/wordpress\/wp-content\/uploads\/2021\/07\/20210630_1812101-scaled.jpg?resize=1400%2C800&ssl=1 4x"},"classes":[]},{"id":3125,"url":"https:\/\/www.blau-weiss-meer.de\/wordpress\/neubau-der-tennisplaetze\/","url_meta":{"origin":3721,"position":3},"title":"Neubau der Tennispl\u00e4tze","author":"Claudia Takacs","date":"29. April 2021","format":false,"excerpt":"Nach einigen Verz\u00f6gerungen geht es endlich los. Tag 1: Verlegen der Drainagen","rel":"","context":"In &quot;Allgemein&quot;","block_context":{"text":"Allgemein","link":"https:\/\/www.blau-weiss-meer.de\/wordpress\/category\/allgemein\/"},"img":{"alt_text":"Tag 1: verlegen der Drainagen","src":"https:\/\/i0.wp.com\/www.blau-weiss-meer.de\/wordpress\/wp-content\/uploads\/2021\/04\/20210426_175027-scaled.jpg?resize=350%2C200&ssl=1","width":350,"height":200,"srcset":"https:\/\/i0.wp.com\/www.blau-weiss-meer.de\/wordpress\/wp-content\/uploads\/2021\/04\/20210426_175027-scaled.jpg?resize=350%2C200&ssl=1 1x, https:\/\/i0.wp.com\/www.blau-weiss-meer.de\/wordpress\/wp-content\/uploads\/2021\/04\/20210426_175027-scaled.jpg?resize=525%2C300&ssl=1 1.5x, https:\/\/i0.wp.com\/www.blau-weiss-meer.de\/wordpress\/wp-content\/uploads\/2021\/04\/20210426_175027-scaled.jpg?resize=700%2C400&ssl=1 2x, https:\/\/i0.wp.com\/www.blau-weiss-meer.de\/wordpress\/wp-content\/uploads\/2021\/04\/20210426_175027-scaled.jpg?resize=1050%2C600&ssl=1 3x, https:\/\/i0.wp.com\/www.blau-weiss-meer.de\/wordpress\/wp-content\/uploads\/2021\/04\/20210426_175027-scaled.jpg?resize=1400%2C800&ssl=1 4x"},"classes":[]},{"id":1770,"url":"https:\/\/www.blau-weiss-meer.de\/wordpress\/aufstiegfeier-der-herren-60-am-01-07-2017\/","url_meta":{"origin":3721,"position":4},"title":"Aufstiegfeier der Herren 60 am 01.07.2017","author":"Heinz Vaehsen","date":"17. Juli 2017","format":false,"excerpt":"Der Aufstieg war geschaft und folgerichtig wurde aus unserer Herren 60 Meden-Saison Abschlussfeier eine Aufstiegsfeier. Wir haben uns nicht lumpen lassen und ein tolles Fest mit gro\u00dfem Buffet vorbereitet. Dazu haben alle Mannschaftsspieler beigetragen. Bevor wir ab 18:00 Uhr zusammen mit dem Vorstand gefeiert haben, mussten wir aber noch Traditionell\u2026","rel":"","context":"In &quot;Allgemein&quot;","block_context":{"text":"Allgemein","link":"https:\/\/www.blau-weiss-meer.de\/wordpress\/category\/allgemein\/"},"img":{"alt_text":"IMG_0636[1]","src":"https:\/\/i0.wp.com\/www.blau-weiss-meer.de\/wordpress\/wp-content\/uploads\/2017\/07\/IMG_06361-300x225.jpg?resize=350%2C200","width":350,"height":200},"classes":[]},{"id":3505,"url":"https:\/\/www.blau-weiss-meer.de\/wordpress\/spieltermine-unserer-damen-40-spgmsch-mit-tc-venn\/","url_meta":{"origin":3721,"position":5},"title":"Spieltermine unserer Damen 40 Spgmsch mit TC Venn","author":"Migo","date":"22. November 2021","format":false,"excerpt":"21.11.2021 Tennishalle Grefrath 13 Uhr TV Hinsbeck vs TC Venn = 1:515.01.2022 Tennishalle Giesenkirchen 14 Uhr Giesenkirchen vs TC Venn30.01.2022 Tennishalle GHTC 14 Uhr TC Venn vs TC Korchenbroich20.02.2022 Tennishalle GHTC 14 Uhr TC Venn vs TC Willich","rel":"","context":"In &quot;Allgemein&quot;","block_context":{"text":"Allgemein","link":"https:\/\/www.blau-weiss-meer.de\/wordpress\/category\/allgemein\/"},"img":{"alt_text":"","src":"https:\/\/i0.wp.com\/www.blau-weiss-meer.de\/wordpress\/wp-content\/uploads\/2021\/11\/e40.jpg?resize=350%2C200&ssl=1","width":350,"height":200,"srcset":"https:\/\/i0.wp.com\/www.blau-weiss-meer.de\/wordpress\/wp-content\/uploads\/2021\/11\/e40.jpg?resize=350%2C200&ssl=1 1x, https:\/\/i0.wp.com\/www.blau-weiss-meer.de\/wordpress\/wp-content\/uploads\/2021\/11\/e40.jpg?resize=525%2C300&ssl=1 1.5x"},"classes":[]}],"jetpack_sharing_enabled":true,"jetpack_likes_enabled":true,"_links":{"self":[{"href":"https:\/\/www.blau-weiss-meer.de\/wordpress\/wp-json\/wp\/v2\/posts\/3721","targetHints":{"allow":["GET"]}}],"collection":[{"href":"https:\/\/www.blau-weiss-meer.de\/wordpress\/wp-json\/wp\/v2\/posts"}],"about":[{"href":"https:\/\/www.blau-weiss-meer.de\/wordpress\/wp-json\/wp\/v2\/types\/post"}],"author":[{"embeddable":true,"href":"https:\/\/www.blau-weiss-meer.de\/wordpress\/wp-json\/wp\/v2\/users\/10"}],"replies":[{"embeddable":true,"href":"https:\/\/www.blau-weiss-meer.de\/wordpress\/wp-json\/wp\/v2\/comments?post=3721"}],"version-history":[{"count":1,"href":"https:\/\/www.blau-weiss-meer.de\/wordpress\/wp-json\/wp\/v2\/posts\/3721\/revisions"}],"predecessor-version":[{"id":3724,"href":"https:\/\/www.blau-weiss-meer.de\/wordpress\/wp-json\/wp\/v2\/posts\/3721\/revisions\/3724"}],"wp:featuredmedia":[{"embeddable":true,"href":"https:\/\/www.blau-weiss-meer.de\/wordpress\/wp-json\/wp\/v2\/media\/3722"}],"wp:attachment":[{"href":"https:\/\/www.blau-weiss-meer.de\/wordpress\/wp-json\/wp\/v2\/media?parent=3721"}],"wp:term":[{"taxonomy":"category","embeddable":true,"href":"https:\/\/www.blau-weiss-meer.de\/wordpress\/wp-json\/wp\/v2\/categories?post=3721"},{"taxonomy":"post_tag","embeddable":true,"href":"https:\/\/www.blau-weiss-meer.de\/wordpress\/wp-json\/wp\/v2\/tags?post=3721"}],"curies":[{"name":"wp","href":"https:\/\/api.w.org\/{rel}","templated":true}]}}